{"id":420,"date":"2020-12-13T19:16:03","date_gmt":"2020-12-13T19:16:03","guid":{"rendered":"http:\/\/revistaarsenioerico.com\/?p=420"},"modified":"2020-12-13T22:53:03","modified_gmt":"2020-12-13T22:53:03","slug":"yolanda-paredes-se-muestra-inflexible-alianza-o-concertacion-en-base-a-la-transparencia-nunca-a-la-impunidad-olvidense","status":"publish","type":"post","link":"https:\/\/revistaarsenioerico.com\/index.php\/2020\/12\/13\/yolanda-paredes-se-muestra-inflexible-alianza-o-concertacion-en-base-a-la-transparencia-nunca-a-la-impunidad-olvidense\/","title":{"rendered":"YOLANDA PAREDES SE MUESTRA INFLEXIBLE. ALIANZA O CONCERTACION, EN BASE A LA TRANSPARENCIA&#8230;NUNCA A LA IMPUNIDAD. OLVIDENSE!!"},"content":{"rendered":"\n<p>A modo de bienvenida a Yolanda Paredes al programa de la Radio Revista \u201cAE\u201d de NY, el Dr. Meliton Bittar record\u00f3 una imagen de la Dra,. Yolanda, sentada frente a la agrupaci\u00f3n especializada con sus dos hijas, donde estaba recluido Payo Cubas, y que lo pinta de cuerpo entero, a esta gran luchadora y activista pol\u00edtica de Ciudad del Este, quien no solo acompa\u00f1a como esposa al conocido Paraguayo Cubas, si no que se gan\u00f3 la consideraci\u00f3n de toda la ciudadan\u00eda por su lucha frontal contra la mafia de los Zacarias Irun, en Alto Paran\u00e1.<\/p>\n\n\n\n<p>YP: Un placer estar con ustedes, agradecidas por las palabras de Meliton\u2026que en cierto modo, esa es la manera que me ocupa de poder acompa\u00f1ar en su lucha a Payo Cubas, y lo hago desde mi rol de madre y con mis hijas que siempre nos acompa\u00f1aron en todas partes. Y como familia hemos adoptado ese estilo de vida, de lucha frontal contra la corrupci\u00f3n \u2026y la de hacer pol\u00edtica.<\/p>\n\n\n\n<p>AE: Porque no estas ocupando la banca que pertenece a Paraguayo Cubas?<\/p>\n\n\n\n<p>YP: Justamente\u2026por culpa de estas cupulas pol\u00edticas corruptas , que no solamente nos han arrebatado la banca de nuestro representante numero uno\u2026sino el lugar que corresponde a Cruzada Nacional, ya que como suplente numero uno, yo tendr\u00eda que estar ocupando esa banca ahora mismo. Ol\u00edmpicamente nos robaron la banca. Lo que ellos hicieron es una violaci\u00f3n al derecho constitucional \u2026al derecho electoral. Porque qui\u00e9rase o no\u2026Payo Cubas representa a mas 100 mil personas en el Senado. Hasta hoy en d\u00eda tenemos acciones de constitucionalidad pendientes de aquel Abril del 2018, donde reclamamos que nos muestren las actas de Senadores a nivel nacional, a efecto de realizar nosotros , los c\u00f3mputos de los votos que realmente obtuvo el movimiento de Cruzada nacional . Hasta hoy en d\u00eda, la corte no se pronunci\u00f3. Esto no hace otra cosa que confirmar, que ten\u00edamos raz\u00f3n. Hasta el ultimo momento quisieron excluirle de la lista, pero la gran cantidad de votos que obtuvimos, no le permitieron hacer nada fraudulento en materia de inform\u00e1tica. As\u00ed entraron algunos Senadores, porque manipularon los votos de manera inform\u00e1tica. Hay muchas denuncias en el ministerio publico\u2026pero no hicieron absolutamente nada. La actual fiscal del estado, no hizo absolutamente nada, mas que despojarnos de lo mas sagrado, que es la voluntad popular y donde el movimiento\u2026ahora partido pol\u00edtico Cruzada nacional, debiera ocupar una banca en el Senado Nacional.<\/p>\n\n\n\n<p>AE: En esas graves denuncias de fraudes de esas elecciones, que respuestas tuvieron ustedes como movimiento?<\/p>\n\n\n\n<p>YP: Ninguna respuesta del poder judicial. Desde aquellas acciones de inconstitucionalidad de Abril del 2018, donde reclamamos que las elecciones fueron fraudulentas\u2026nunca obtuvimos ninguna respuesta, ni del Fiscal Gral del Estado ni de la Corte Suprema de Justicia. Dos a\u00f1os ya han pasado\u2026y estos personajes ni se han dignado en resolver o aclarar esta situaci\u00f3n. Y por supuesto\u2026hasta estamos reclamando la banca de Payo Cubas en la Corte Suprema de Justicia, y tenemos tambi\u00e9n pendiente una acci\u00f3n de inconstitucionalidad, a la perdida de investidura que le hicieron a Payo\u2026y a mi legitima suplencia a la banca por cruzada nacional. Tenemos 4 casos de inconstitucionalidad pendientes ante la CSJ, donde no les calienta un rabano, lo que es el estado de derecho. Ellos esta\u00f1en una convivencia maliciosa y fraudulenta, con los poderes de turno. La CSJ esta arrodillada ante el poder pol\u00edtico. Esa es la verdad\u2026y nosotros tenemos las pruebas, porque nuestras acciones y reclamos jam\u00e1s se estudiaron.<\/p>\n\n\n\n<p>AE: Cuales son tus proyectos futuros para la Intendencia de CDE y la presidencia de la Republica?<\/p>\n\n\n\n<p>YP: En cuanto a la intendencia de CDE, nosotros estamos evaluando todav\u00eda la presentaci\u00f3n de una candidatura a nivel de intendencia. Mas bien estamos por la Junta Municipal. Si bien no descartamos la intendencia, en raz\u00f3n que Miguel Prieto tiene demasiados cuestionamientos\u2026y ya a nivel judicial. En caso que Miguel Prieto no pueda hacer de ninguna manera, frente a estas nuevas elecciones\u2026por supuesto que yo voy a tirarme a la cancha, ya que no tengo absolutamente miedo de competir con el partido colorado. Yo se que la ciudadan\u00eda me va a apoyar. Pero eso depender\u00e1 del futuro. Esperemos que Miguel Prieto resuelva sus problemas judiciales con la fiscal\u00eda y aclare los hechos de corrupci\u00f3n, porque eso tambi\u00e9n puede ser usado por el partido colorado, para quitarnos la representaci\u00f3n de la oposici\u00f3n o en el caso\u2026a los independientes. Nosotros somos un partido independiente y Miguel Prieto tambi\u00e9n. Pero estamos pendientes de lo que pueda suceder. En cuanto a la presidencia\u2026el lanzamiento de Payo realizado a trav\u00e9s de la prensa, movi\u00f3 el avispero en el pa\u00eds, para pugnar por la presidencia de la republica. Como el dice, quiere ser mandatario. Y que significa ser mandatario? El pueblo es el mandante y el presidente el mandatario!! Cosa que hoy no se da. Porque el Presidente no act\u00faa como mandatario del pueblo. Act\u00faa como secretario privado de los poderes facticos., de los poderes pol\u00edticos y econ\u00f3micos . Que qui\u00e9rase o no\u2026esta llevando a la hecatombe a este pa\u00eds. Lo que estamos analizando ahora, es muy grande. Estamos recibiendo la adhesi\u00f3n de muchas personas a nivel nacional que nos animan a seguir adelante en esta lucha que no es nada f\u00e1cil. Es una lucha que nosotros decidimos seguir, que no es f\u00e1cil pero estamos convencido que es el camino correcto.<\/p>\n\n\n\n<p>AE: Cual es tu postura y de la Cruzada nacional ante el nombramiento de Zacarias Irun?<\/p>\n\n\n\n<p>YP: Lo que pasa es que a nivel de jurado y enjuiciamiento de magistrado, nosotros no somos parte del proceso, no podemos recusarle a Zacarias Irun. Esa es la jugada que hacen, Hecha la Ley\u2026hecha la Trampa, del jurado y enjuiciamiento de magistrado, cuando no nos permite recusarle a los miembros, en nuestro caso. No pudimos hacerle acusaciones efectivas, pero en nuestro caso, que sea Zacarias u otro, nos da lo mismo. Todos representan un poder factico\u2026un poder represivo de la republica. No podemos recusar a jueces ni fiscales, justamente por eso, porque todos est\u00e1n cortados por la misma tijera. Las ordenes las reciben de arriba, con un libreto formado, porque esta envuelto Paraguayo Cubas.<\/p>\n\n\n\n<p>AE (Bittar): Existe un descreimiento entre ustedes, por algunos ex compa\u00f1eros de ruta, que se alejaron de Cruzada Nacional? Porque seria si es que lo existe?<\/p>\n\n\n\n<p>YP: Es dif\u00edcil y nos golpea an\u00edmicamente, moralmente, cuando una persona que tenia nuestros mismos pensamientos, un compa\u00f1ero de lucha con el que nos sent\u00e1bamos en una misma mesa a comer juntos, y despu\u00e9s les ves salir en las fotos, con el mismo tipo contra el que hemos luchado\u2026y tanto da\u00f1o nos hizo. Horacio Cartes nos hizo mucho da\u00f1o. Fue en su gobierno que a Payo le metieron tres meses presos en la penitenciaria de CDE, donde casi le matan. No le sali\u00f3 no mas su jugada a Horacio Cartes!! Pasamos muchas cosas cuando Payo estuvo en la c\u00e1rcel. Tuvimos que hacer pactos con Dios y con el Diablo. Y despu\u00e9s le ves a un Celso Miranda, Kelemb\u00fa, sonriente al lado de Horacio Cartes, Eso te indigna y te da rabia. Uno no entiende como el ser humano puede cambiar de esa manera, de acuerdo a su conveniencia econ\u00f3mica. Es inaceptable. Yo ya no soy la misma persona de hace dos a\u00f1os, que empez\u00f3 a acompa\u00f1ar a Payo en la pol\u00edtica. Uno conf\u00eda y despu\u00e9s cualquiera viene a clavarte un pu\u00f1al en las costillas. Yo desconf\u00edo hasta de mi sombra. Uno les ayuda a las personas a llegar\u2026y despu\u00e9s se olvidan de uno.<\/p>\n\n\n\n<p>AE (Bittar): Cruzada Nacional podr\u00eda intentar una especie unidad, de alianza o concertaci\u00f3n, para enfrentar al oficialismo?<\/p>\n\n\n\n<p>YP: El papel de la oposici\u00f3n unidad va a ser important\u00edsimo en estas pr\u00f3ximas elecciones. Pero hay que desprenderse de los ego\u00edsmos para llegar a eso. Y vos me estabas diciendo que si Cruzada Nacional va a buscar la unidad en esa mesa de la oposici\u00f3n, a la cual no nos hemos ido nunca. Nunca fuimos invitados. O sea\u2026somos nosotros o son ellos el problema. Hay que ser claro en este asunto. No es como dice Efra\u00edn Alegre!! A nosotros nunca nos invitaron!! Hasta hoy en d\u00eda\u2026le invitan hasta a cualquier comisi\u00f3n de piqui v\u00f3ley del barrio\u2026 Menos a Cruzada Nacional. Es una falta de respeto!! Entonces, liber\u00e9monos de ese ego\u00edsmo, y asumamos una posici\u00f3n . No porque Payo Cubas le haga sombra a Efra\u00edn Alegre, el se tenga que hacer el tonto y no nos invita. Negativo!! Nunca nos invitaron!! As\u00ed no vamos construir el pa\u00eds que queremos.<\/p>\n\n\n\n<p>AE (Margarita): Eso quiere decir que ustedes en Cruzada Nacional, est\u00e1n abiertos para unirse con toda la oposici\u00f3n si hiciere falta? Unidos en una Concertaci\u00f3n o Alianza?<\/p>\n\n\n\n<p>YP: Claro!! Absolutamente!! Podr\u00eda ser. Solamente que esa concertaci\u00f3n se debe hacer en base a la transparencia en la lucha contra la corrupci\u00f3n. Generalmente las concertaciones se dan en base a la impunidad. Si vamos a unirnos, pactemos sobre la base de la transparencia y no de la corrupci\u00f3n. Cruzada Nacional no va a pactar con la base de la impunidad. Olv\u00eddense!! As\u00ed es que\u2026hablando en Guaran\u00ed\u2026en Espa\u00f1ol\u2026como paraguayos\u2026entend\u00e1monos y hablemos claros!! Busquemos el mejor candidato. Quien tiene las mejores posibilidades. Si no vamos a hacer sobre la base de la sinceridad y la transparencia\u2026dej\u00e9monos de joder!! No perdamos el tiempo.<\/p>\n\n\n\n<p>AE (Margarita): Payo se define como Colorado. Cruzada Nacional es de Derecha. Esto no crear\u00eda inconveniente a la hora de realizar una Concertacion con sectores progresistas?<\/p>\n\n\n\n<p>YP: Justamente eso es lo que siempre menciona Payo. No podemos hablar de derecha e izquierda, en un pa\u00eds donde no se ha realizado la revoluci\u00f3n francesa. En Paraguay no hay derecha ni izquierda, desde el momento en que no se hace una Toma de la Bastilla. Y que significa eso? El respeto de los derechos humanos, el respeto hacia los ciudadanos\u2026y ac\u00e1 en Paraguay, nunca se ha dado. Se utilizan esos argumentos para decirnos que somos de derecha, de izquierda, porque Payo es Colorado\u2026no tiene nada que ver. Ac\u00e1 roban de derecha a izquierda, los de arriba, los de abajo y los costados!! Les calienta un r\u00e1bano si de que lado son, cunado desde el Parlamento roban los sue\u00f1os el futuro de los ciudadanos. En el Parlamento son todos c\u00f3mplices. Es un circo\u2026una farsa. Yolanda Paredes, nos dej\u00f3 un mont\u00f3n de expresiones y opiniones pol\u00edticas, sobre la realidad de nuestro pa\u00eds, entre las cuales se refiri\u00f3 sobre una oposici\u00f3n inexistente y una alianza de los lideres de ciertas cupulas en el Parlamento, para desvalijar el pa\u00eds. Un Parlamento que no representa los intereses del pueblo paraguayo. Nos comento que en la ollas populares y el hambre\u2026no existen colores ni izquierda ni derecha\u2026nadie lleva un pa\u00f1uelo en sus cuellos\u2026si no un plato para saciar el hambre. Esa es la realidad del pueblo. Se manifest\u00f3 contra las FTC, diciendo que asesinaron a dos ni\u00f1as\u2026que habia que desintegrar esas fuerzas militares que cuestan un dineral y solo sirven para el derroche del dinero que pertenece al pueblo.<\/p>\n\n\n\n<figure class=\"wp-block-gallery columns-3 is-cropped\"><ul class=\"blocks-gallery-grid\"><li class=\"blocks-gallery-item\"><figure><img loading=\"lazy\" width=\"1024\" height=\"839\" src=\"https:\/\/revistaarsenioerico.com\/new\/wp-content\/uploads\/2020\/12\/12-13-ent-post-1-1-1024x839.jpg\" alt=\"\" data-id=\"422\" data-full-url=\"https:\/\/revistaarsenioerico.com\/new\/wp-content\/uploads\/2020\/12\/12-13-ent-post-1-1.jpg\" data-link=\"https:\/\/revistaarsenioerico.com\/?attachment_id=422\" class=\"wp-image-422\" srcset=\"https:\/\/revistaarsenioerico.com\/new\/wp-content\/uploads\/2020\/12\/12-13-ent-post-1-1-1024x839.jpg 1024w, https:\/\/revistaarsenioerico.com\/new\/wp-content\/uploads\/2020\/12\/12-13-ent-post-1-1-300x246.jpg 300w, https:\/\/revistaarsenioerico.com\/new\/wp-content\/uploads\/2020\/12\/12-13-ent-post-1-1-768x629.jpg 768w, https:\/\/revistaarsenioerico.com\/new\/wp-content\/uploads\/2020\/12\/12-13-ent-post-1-1-450x369.jpg 450w, https:\/\/revistaarsenioerico.com\/new\/wp-content\/uploads\/2020\/12\/12-13-ent-post-1-1-780x639.jpg 780w, https:\/\/revistaarsenioerico.com\/new\/wp-content\/uploads\/2020\/12\/12-13-ent-post-1-1.jpg 1079w\" sizes=\"(max-width: 1024px) 100vw, 1024px\" \/><\/figure><\/li><li class=\"blocks-gallery-item\"><figure><img loading=\"lazy\" width=\"1016\" height=\"1024\" src=\"https:\/\/revistaarsenioerico.com\/new\/wp-content\/uploads\/2020\/12\/12-13-ent-post-2-1016x1024.jpg\" alt=\"\" data-id=\"423\" data-full-url=\"https:\/\/revistaarsenioerico.com\/new\/wp-content\/uploads\/2020\/12\/12-13-ent-post-2.jpg\" data-link=\"https:\/\/revistaarsenioerico.com\/?attachment_id=423\" class=\"wp-image-423\" srcset=\"https:\/\/revistaarsenioerico.com\/new\/wp-content\/uploads\/2020\/12\/12-13-ent-post-2-1016x1024.jpg 1016w, https:\/\/revistaarsenioerico.com\/new\/wp-content\/uploads\/2020\/12\/12-13-ent-post-2-298x300.jpg 298w, https:\/\/revistaarsenioerico.com\/new\/wp-content\/uploads\/2020\/12\/12-13-ent-post-2-150x150.jpg 150w, https:\/\/revistaarsenioerico.com\/new\/wp-content\/uploads\/2020\/12\/12-13-ent-post-2-768x774.jpg 768w, https:\/\/revistaarsenioerico.com\/new\/wp-content\/uploads\/2020\/12\/12-13-ent-post-2-450x453.jpg 450w, https:\/\/revistaarsenioerico.com\/new\/wp-content\/uploads\/2020\/12\/12-13-ent-post-2-780x786.jpg 780w, https:\/\/revistaarsenioerico.com\/new\/wp-content\/uploads\/2020\/12\/12-13-ent-post-2.jpg 1080w\" sizes=\"(max-width: 1016px) 100vw, 1016px\" \/><\/figure><\/li><li class=\"blocks-gallery-item\"><figure><img loading=\"lazy\" width=\"763\" height=\"774\" src=\"https:\/\/revistaarsenioerico.com\/new\/wp-content\/uploads\/2020\/12\/12-13-ent-post-3.jpg\" alt=\"\" data-id=\"424\" data-full-url=\"https:\/\/revistaarsenioerico.com\/new\/wp-content\/uploads\/2020\/12\/12-13-ent-post-3.jpg\" data-link=\"https:\/\/revistaarsenioerico.com\/?attachment_id=424\" class=\"wp-image-424\" srcset=\"https:\/\/revistaarsenioerico.com\/new\/wp-content\/uploads\/2020\/12\/12-13-ent-post-3.jpg 763w, https:\/\/revistaarsenioerico.com\/new\/wp-content\/uploads\/2020\/12\/12-13-ent-post-3-296x300.jpg 296w, https:\/\/revistaarsenioerico.com\/new\/wp-content\/uploads\/2020\/12\/12-13-ent-post-3-450x456.jpg 450w\" sizes=\"(max-width: 763px) 100vw, 763px\" \/><\/figure><\/li><\/ul><\/figure>\n","protected":false},"excerpt":{"rendered":"<p>A modo de bienvenida a Yolanda Paredes al programa de la Radio Revista \u201cAE\u201d de NY, el Dr. Meliton Bittar record\u00f3 una imagen de la Dra,. Yolanda, sentada frente a la agrupaci\u00f3n especializada con sus dos hijas, donde estaba recluido Payo Cubas, y que lo pinta de cuerpo entero, a esta gran luchadora y activista [&hellip;]<\/p>\n","protected":false},"author":3,"featured_media":422,"comment_status":"open","ping_status":"open","sticky":false,"template":"","format":"standard","meta":[],"categories":[29],"tags":[],"_links":{"self":[{"href":"https:\/\/revistaarsenioerico.com\/index.php\/wp-json\/wp\/v2\/posts\/420"}],"collection":[{"href":"https:\/\/revistaarsenioerico.com\/index.php\/wp-json\/wp\/v2\/posts"}],"about":[{"href":"https:\/\/revistaarsenioerico.com\/index.php\/wp-json\/wp\/v2\/types\/post"}],"author":[{"embeddable":true,"href":"https:\/\/revistaarsenioerico.com\/index.php\/wp-json\/wp\/v2\/users\/3"}],"replies":[{"embeddable":true,"href":"https:\/\/revistaarsenioerico.com\/index.php\/wp-json\/wp\/v2\/comments?post=420"}],"version-history":[{"count":1,"href":"https:\/\/revistaarsenioerico.com\/index.php\/wp-json\/wp\/v2\/posts\/420\/revisions"}],"predecessor-version":[{"id":425,"href":"https:\/\/revistaarsenioerico.com\/index.php\/wp-json\/wp\/v2\/posts\/420\/revisions\/425"}],"wp:featuredmedia":[{"embeddable":true,"href":"https:\/\/revistaarsenioerico.com\/index.php\/wp-json\/wp\/v2\/media\/422"}],"wp:attachment":[{"href":"https:\/\/revistaarsenioerico.com\/index.php\/wp-json\/wp\/v2\/media?parent=420"}],"wp:term":[{"taxonomy":"category","embeddable":true,"href":"https:\/\/revistaarsenioerico.com\/index.php\/wp-json\/wp\/v2\/categories?post=420"},{"taxonomy":"post_tag","embeddable":true,"href":"https:\/\/revistaarsenioerico.com\/index.php\/wp-json\/wp\/v2\/tags?post=420"}],"curies":[{"name":"wp","href":"https:\/\/api.w.org\/{rel}","templated":true}]}}